{"id":11759,"date":"2023-01-31T08:45:00","date_gmt":"2023-01-31T07:45:00","guid":{"rendered":"https:\/\/www.gambio.de\/blog\/?p=11759"},"modified":"2023-01-31T08:45:02","modified_gmt":"2023-01-31T07:45:02","slug":"gambio-interview-wer-hat-gambio-gegruendet","status":"publish","type":"post","link":"https:\/\/www.gambio.de\/blog\/gambio-interview-wer-hat-gambio-gegruendet\/","title":{"rendered":"Gambio Interview &#8211; Wer hat Gambio gegr\u00fcndet?"},"content":{"rendered":"\n<p>In diesem Interview erh\u00e4ltst du Antworten auf die Fragen, die du dir schon l\u00e4nger stellst: Wer hat Gambio gegr\u00fcndet? Was macht einer der Gr\u00fcnder heute? Was w\u00fcrde r\u00fcckblickend an Gambio ver\u00e4ndert werden, wenn sich die Chance bieten w\u00fcrde?<\/p>\n\n\n\n<!--more-->\n\n\n\n<h2 class=\"wp-block-heading\">Hallo Daniel, stell Dich doch bitte einmal kurz vor.<\/h2>\n\n\n\n<p>Moin, ich bin Daniel, 37 Jahre alt und da ich Gambio zusammen mit Nonito gegr\u00fcndet habe, bin ich von Anfang an dabei, also seit 2004. Aktuell k\u00fcmmere ich mich bei Gambio in erster Linie um das Produkt. Dabei versuche ich so viel wie m\u00f6glich die Sicht eines H\u00e4ndlers und nicht die eines Softwareentwicklers einzunehmen.<\/p>\n\n\n\n<div class=\"wp-block-image\"><figure class=\"aligncenter size-large is-resized\"><img loading=\"lazy\" decoding=\"async\" src=\"https:\/\/www.gambio.de\/blog\/wp-content\/uploads\/Pressefoto_Daniel-Schnadt_7-1024x684.jpg\" alt=\"Foto von Daniel\" class=\"wp-image-11761\" width=\"470\" height=\"313\" srcset=\"https:\/\/www.gambio.de\/blog\/wp-content\/uploads\/Pressefoto_Daniel-Schnadt_7-1024x684.jpg 1024w, https:\/\/www.gambio.de\/blog\/wp-content\/uploads\/Pressefoto_Daniel-Schnadt_7-350x234.jpg 350w, https:\/\/www.gambio.de\/blog\/wp-content\/uploads\/Pressefoto_Daniel-Schnadt_7-768x513.jpg 768w, https:\/\/www.gambio.de\/blog\/wp-content\/uploads\/Pressefoto_Daniel-Schnadt_7-1536x1025.jpg 1536w, https:\/\/www.gambio.de\/blog\/wp-content\/uploads\/Pressefoto_Daniel-Schnadt_7-2048x1367.jpg 2048w\" sizes=\"auto, (max-width: 470px) 100vw, 470px\" \/><\/figure><\/div>\n\n\n\n<h2 class=\"wp-block-heading\">W\u00fcrdest du im Bezug auf Gambio r\u00fcckblickend alles nochmal genauso machen und falls nicht, was h\u00e4ttest du anders gemacht?<\/h2>\n\n\n\n<p>Dann w\u00fcrde ich ja alle Fehler noch einmal machen und das w\u00e4re wirklich dumm. Nat\u00fcrlich gibt es immer Dinge, die man mit dem Wissen von heute anders machen w\u00fcrde. Im Gro\u00dfen und Ganzen bin ich aber schon sehr zufrieden mit den Entscheidungen, die wir \u00fcber die Jahre getroffen haben. R\u00fcckblickend denke ich, dass wir an einigen Stellen noch mutiger h\u00e4tten sein k\u00f6nnen, was das Wachstum angeht und die Entwicklung bestimmter Themen angeht, aber das sagt sich hinterher nat\u00fcrlich immer leicht \ud83d\ude09<\/p>\n\n\n\n<h2 class=\"wp-block-heading\">Welche Tipps hast du f\u00fcr zuk\u00fcnftige Gr\u00fcnder und Gr\u00fcnderinnen?<\/h2>\n\n\n\n<p>Alle kochen nur mit Wasser! Lass dich nicht von der Selbstdarstellung anderer blenden und einsch\u00fcchtern und sei mutig und selbstbewusst. Es geht viel mehr, als du vielleicht denkst, aber fang endlich an \ud83d\ude09<\/p>\n\n\n\n<h2 class=\"wp-block-heading\">Was gef\u00e4llt dir an Gambio besonders gut?<\/h2>\n\n\n\n<p>Keine Schn\u00f6rkel, kein Bullshit. What you see is what you get. Das trifft sowohl auf das Produkt als auch auf die ganze Company zu und das mag ich sehr.<\/p>\n\n\n\n<h2 class=\"wp-block-heading\">Welche drei Worte beschreiben dich am besten?<\/h2>\n\n\n\n<ul class=\"wp-block-list\"><li>gro\u00dfartig<\/li><li>h\u00fcbsch<\/li><li>bescheiden<\/li><\/ul>\n\n\n\n<p>\ud83d\ude09<\/p>\n\n\n\n<h2 class=\"wp-block-heading\">Was macht dir gute Laune?<\/h2>\n\n\n\n<p>Die Frage m\u00fcsste eher lauten, was mir meine gute Laune verderben kann. Grunds\u00e4tzlich stehe ich n\u00e4mlich jeden Tag mit guter Laune auf, da bedarf es keinen speziellen Anlass. Ich lebe ein unglaublich privilegiertes Leben, dessen bin ich mir bewusst. Ich bin gesund, habe eine tolle Familie und lebe ein komfortables Leben in einem der sichersten L\u00e4nder der Welt. Au\u00dferdem lebe ich in einer Zeit, die zwar herausfordernd ist, aber dennoch unglaublich viele M\u00f6glichkeiten bietet.&nbsp;W\u00e4re es nicht irgendwie frech, wenn man dabei trotzdem st\u00e4ndig schlechte Laune h\u00e4tte?<\/p>\n\n\n\n<h2 class=\"wp-block-heading\">Mit welchem Promi w\u00fcrdest du gerne f\u00fcr einen Tag tauschen?<\/h2>\n\n\n\n<p>F\u00fcr einen Tag w\u00fcrde ich gern mit ganz vielen Menschen tauschen, einfach aus Neugier &#8211; aber nicht f\u00fcr l\u00e4nger. Wenn ich mir einen Promi aussuchen m\u00fcsste: Beyonc\u00e9<br><br>Da k\u00f6nnte ich zwei Fliegen mit einer Klappe schlagen: Erstens bin ich gro\u00dfer Jay-Z Fan und k\u00f6nnte ihn kennenlernen und zweitens w\u00e4re es spannend, mal einen Tag als Frau zu verbringen.<\/p>\n\n\n\n<h2 class=\"wp-block-heading\">Was w\u00fcrdest du tun, wenn du nicht arbeiten m\u00fcsstest?<\/h2>\n\n\n\n<p>Wahrscheinlich arbeiten \ud83d\ude09 Ich arbeite ja nicht, weil ich muss, sondern weil ich es gern tue. Und solange ich eine gute Balance aus Familie, Freunden und der Arbeit hinbekomme, w\u00fcrde ich nichts daran \u00e4ndern wollen.<\/p>\n\n\n\n<p>Entweder-ohne-Frage<\/p>\n\n\n\n<ul class=\"wp-block-list\"><li>Sommer oder Winter? Sommer (!!!)<\/li><li>Nachteule oder Fr\u00fchaufsteher? Nachteule<\/li><li>Realist oder Tr\u00e4umer? Realist (ohne dabei mit dem Tr\u00e4umen aufzuh\u00f6ren)<\/li><\/ul>\n\n\n\n<p>Du m\u00f6chtest mehr \u00fcber Gambio erfahren und immer auf dem Laufenden bleiben? Dann besuche uns auf unseren Social Media Kan\u00e4len:<\/p>\n\n\n\n<p><a href=\"https:\/\/www.facebook.com\/GambioGmbH\" target=\"_blank\" rel=\"noreferrer noopener\">Facebook<\/a><\/p>\n\n\n\n<p><a href=\"https:\/\/www.instagram.com\/gambio_shopsoftware\/\" target=\"_blank\" rel=\"noreferrer noopener\">Instagram<\/a><\/p>\n\n\n\n<p><a href=\"https:\/\/www.linkedin.com\/company\/28995517\/admin\/\" target=\"_blank\" rel=\"noreferrer noopener\">LinkedIn<\/a><\/p>\n\n\n\n<p><a href=\"https:\/\/twitter.com\/Gambio\" target=\"_blank\" rel=\"noreferrer noopener\">Twitter<\/a><\/p>\n\n\n\n<p><a href=\"https:\/\/www.youtube.com\/channel\/UCBc2DZUpO85dOtbKZuo-6NQ\" target=\"_blank\" rel=\"noreferrer noopener\">YouTube<\/a><\/p>\n","protected":false},"excerpt":{"rendered":"<p>In diesem Interview erh\u00e4ltst du Antworten auf die Fragen, die du dir schon l\u00e4nger stellst: Wer hat Gambio gegr\u00fcndet? Was macht einer der Gr\u00fcnder heute? Was w\u00fcrde r\u00fcckblickend an Gambio ver\u00e4ndert werden, wenn sich die Chance bieten w\u00fcrde?<\/p>\n","protected":false},"author":30,"featured_media":11763,"comment_status":"open","ping_status":"open","sticky":false,"template":"","format":"standard","meta":{"footnotes":""},"categories":[1,6],"tags":[43,40,710,407,37,145,39,36],"class_list":["post-11759","post","type-post","status-publish","format-standard","has-post-thumbnail","hentry","category-allgemein","category-interviews","tag-e-commerce","tag-gambio","tag-gruender","tag-interviews","tag-mitarbeiter","tag-onlineshop","tag-shopsoftware","tag-social-media"],"_links":{"self":[{"href":"https:\/\/www.gambio.de\/blog\/wp-json\/wp\/v2\/posts\/11759","targetHints":{"allow":["GET"]}}],"collection":[{"href":"https:\/\/www.gambio.de\/blog\/wp-json\/wp\/v2\/posts"}],"about":[{"href":"https:\/\/www.gambio.de\/blog\/wp-json\/wp\/v2\/types\/post"}],"author":[{"embeddable":true,"href":"https:\/\/www.gambio.de\/blog\/wp-json\/wp\/v2\/users\/30"}],"replies":[{"embeddable":true,"href":"https:\/\/www.gambio.de\/blog\/wp-json\/wp\/v2\/comments?post=11759"}],"version-history":[{"count":6,"href":"https:\/\/www.gambio.de\/blog\/wp-json\/wp\/v2\/posts\/11759\/revisions"}],"predecessor-version":[{"id":11787,"href":"https:\/\/www.gambio.de\/blog\/wp-json\/wp\/v2\/posts\/11759\/revisions\/11787"}],"wp:featuredmedia":[{"embeddable":true,"href":"https:\/\/www.gambio.de\/blog\/wp-json\/wp\/v2\/media\/11763"}],"wp:attachment":[{"href":"https:\/\/www.gambio.de\/blog\/wp-json\/wp\/v2\/media?parent=11759"}],"wp:term":[{"taxonomy":"category","embeddable":true,"href":"https:\/\/www.gambio.de\/blog\/wp-json\/wp\/v2\/categories?post=11759"},{"taxonomy":"post_tag","embeddable":true,"href":"https:\/\/www.gambio.de\/blog\/wp-json\/wp\/v2\/tags?post=11759"}],"curies":[{"name":"wp","href":"https:\/\/api.w.org\/{rel}","templated":true}]}}